{"id":400,"date":"2022-12-08T08:36:45","date_gmt":"2022-12-08T07:36:45","guid":{"rendered":"http:\/\/rodbukowina.pl\/?p=400"},"modified":"2022-12-08T08:53:57","modified_gmt":"2022-12-08T07:53:57","slug":"informacja","status":"publish","type":"post","link":"https:\/\/rodbukowina.pl\/index.php\/2022\/12\/08\/informacja\/","title":{"rendered":"Informacje od Zarz\u0105du"},"content":{"rendered":"<p>Zarz\u0105d ROD Bukowina Gromadzin informuje:<\/p>\n<ol>\n<li style=\"text-align: left;\"><strong>Wodomierze<\/strong> \u2013 na terenie A za\u0142o\u017cono 61 wodomierzy i o ile pogoda pozwoli nadal b\u0119d\u0105 zak\u0142adane do ko\u0144ca roku 2022.\u00a0 Na pozosta\u0142ych dzia\u0142kach na terenie A oraz na dzia\u0142kach na terenie B wznowienie prac nast\u0105pi na wiosn\u0119, po uzgodnieniu z\u00a0 u\u017cytkownikami dost\u0119pu do dzia\u0142ek.<\/li>\n<li style=\"text-align: left;\"><strong>Dodatek opa\u0142owy<\/strong> \u2013 Dzia\u0142kowcom zgodnie z ustaw\u0105 <span style=\"color: #ff0000;\"><u>nie przys\u0142uguje<\/u><\/span> prawo do uzyskania dodatku w\u0119glowego &#8211; Ustawodawca tego nie przewidzia\u0142, poniewa\u017c ustawa z 13 grudnia 2013 roku o rodzinnych ogrodach dzia\u0142kowych stanowi, \u017ce na terenach ROD obowi\u0105zuje zakaz zamieszkiwania. Og\u00f3lnopolski regulamin ROD precyzuje t\u0119 kwesti\u0119 w paragrafie 7, m.in. w punkcie 3: &#8222;Altana dzia\u0142kowa na terenie dzia\u0142ki w ROD nie jest obiektem mieszkalnym; przebywanie w niej nie mo\u017ce stanowi\u0107 podstawy do urz\u0119dowego potwierdzenia czasowego lub sta\u0142ego pobytu&#8221;.<\/li>\n<li style=\"text-align: left;\"><strong><span style=\"color: #000000;\">Bramy na terenie A i B<\/span><\/strong> \u2013 Zarz\u0105d przypomina o konieczno\u015bci zamykania bram zar\u00f3wno wje\u017cd\u017caj\u0105c na teren ROD jak \u00a0i wyje\u017cd\u017caj\u0105c z niego.<\/li>\n<li style=\"text-align: left;\"><strong>Droga dojazdowa do bram<\/strong> \u2013 za zimowe utrzymanie drogi odpowiada gmina zgodnie z kolejno\u015bci\u0105 od\u015bnie\u017cania.<\/li>\n<li style=\"text-align: left;\">Zarz\u0105d, na posiedzeniu w dniu 03.11.2022, podsumowa\u0142 sytuacj\u0119 finansow\u0105 ROD Bukowina Gromadzin i podj\u0105\u0142 uchwa\u0142\u0119 o zobowi\u0105zaniu u\u017cytkownik\u00f3w dzia\u0142ek do <strong><span style=\"color: #ff0000;\">uregulowania nale\u017cnych op\u0142at (zaleg\u0142o\u015bci) do 31.12.2022r.<\/span><\/strong><\/li>\n<\/ol>\n<p style=\"text-align: right;\">W imieniu Zarz\u0105du<\/p>\n<p style=\"text-align: right;\">Prezes Krzysztof Socha<\/p>\n","protected":false},"excerpt":{"rendered":"<p>Zarz\u0105d ROD Bukowina Gromadzin informuje: Wodomierze \u2013 na terenie A za\u0142o\u017cono 61 wodomierzy i o ile pogoda pozwoli nadal b\u0119d\u0105 zak\u0142adane do ko\u0144ca roku 2022.\u00a0 Na pozosta\u0142ych dzia\u0142kach na terenie A oraz na dzia\u0142kach na terenie B wznowienie prac nast\u0105pi na wiosn\u0119, po uzgodnieniu z\u00a0 u\u017cytkownikami dost\u0119pu do dzia\u0142ek. Dodatek opa\u0142owy \u2013 Dzia\u0142kowcom zgodnie z [&hellip;]<\/p>\n","protected":false},"author":1,"featured_media":0,"comment_status":"closed","ping_status":"closed","sticky":false,"template":"","format":"standard","meta":{"footnotes":""},"categories":[1],"tags":[],"class_list":["post-400","post","type-post","status-publish","format-standard","hentry","category-bez-kategorii"],"_links":{"self":[{"href":"https:\/\/rodbukowina.pl\/index.php\/wp-json\/wp\/v2\/posts\/400","targetHints":{"allow":["GET"]}}],"collection":[{"href":"https:\/\/rodbukowina.pl\/index.php\/wp-json\/wp\/v2\/posts"}],"about":[{"href":"https:\/\/rodbukowina.pl\/index.php\/wp-json\/wp\/v2\/types\/post"}],"author":[{"embeddable":true,"href":"https:\/\/rodbukowina.pl\/index.php\/wp-json\/wp\/v2\/users\/1"}],"replies":[{"embeddable":true,"href":"https:\/\/rodbukowina.pl\/index.php\/wp-json\/wp\/v2\/comments?post=400"}],"version-history":[{"count":6,"href":"https:\/\/rodbukowina.pl\/index.php\/wp-json\/wp\/v2\/posts\/400\/revisions"}],"predecessor-version":[{"id":408,"href":"https:\/\/rodbukowina.pl\/index.php\/wp-json\/wp\/v2\/posts\/400\/revisions\/408"}],"wp:attachment":[{"href":"https:\/\/rodbukowina.pl\/index.php\/wp-json\/wp\/v2\/media?parent=400"}],"wp:term":[{"taxonomy":"category","embeddable":true,"href":"https:\/\/rodbukowina.pl\/index.php\/wp-json\/wp\/v2\/categories?post=400"},{"taxonomy":"post_tag","embeddable":true,"href":"https:\/\/rodbukowina.pl\/index.php\/wp-json\/wp\/v2\/tags?post=400"}],"curies":[{"name":"wp","href":"https:\/\/api.w.org\/{rel}","templated":true}]}}